{"id":2628,"date":"2021-07-28T11:47:58","date_gmt":"2021-07-28T08:47:58","guid":{"rendered":"https:\/\/emoistanbul.org\/emanet2021\/?p=2628"},"modified":"2021-07-31T14:36:54","modified_gmt":"2021-07-31T11:36:54","slug":"emanet2021-duzenleme-kurulu-1-toplantisi-yapildi","status":"publish","type":"post","link":"https:\/\/emoistanbul.org\/emanet2021\/emanet2021-duzenleme-kurulu-1-toplantisi-yapildi\/","title":{"rendered":"EMANET 2021 D\u00fczenleme Kurulu 1. Toplant\u0131s\u0131 Yap\u0131ld\u0131"},"content":{"rendered":"<div class=\"fusion-fullwidth fullwidth-box fusion-builder-row-1 fusion-flex-container nonhundred-percent-fullwidth non-hundred-percent-height-scrolling\" style=\"background-color: rgba(255,255,255,0);background-position: center center;background-repeat: no-repeat;border-width: 0px 0px 0px 0px;border-color:#e7e4e2;border-style:solid;\" ><div class=\"fusion-builder-row fusion-row fusion-flex-align-items-flex-start\" style=\"max-width:1331.2px;margin-left: calc(-4% \/ 2 );margin-right: calc(-4% \/ 2 );\"><div class=\"fusion-layout-column fusion_builder_column fusion-builder-column-0 fusion_builder_column_1_1 1_1 fusion-flex-column\"><div class=\"fusion-column-wrapper fusion-flex-justify-content-flex-start fusion-content-layout-column\" style=\"background-position:left top;background-repeat:no-repeat;-webkit-background-size:cover;-moz-background-size:cover;-o-background-size:cover;background-size:cover;padding: 0px 0px 0px 0px;\"><div class=\"fusion-text fusion-text-1\"><p style=\"text-align: center;\"><b>ELEKTR\u0130K M\u00dcHEND\u0130SLER\u0130 ODASI \u0130STANBUL \u015eUBES\u0130, \u0130STANBUL TAB\u0130P ODASI VE \u0130STANBUL BAROSU\u2019NUN ORTAK D\u00dcZENLEYECE\u011e\u0130 \u2018\u2019 \u00c7EVRE VE HALK SA\u011eLI\u011eI \u0130\u00c7\u0130N\u2019\u2019 ELEKTROMANYET\u0130K ALANLAR VE ETK\u0130LER\u0130 G\u00dcNLER\u0130 (EMANET2021) D\u00dcZENLEME KURULU 1. TOPLANTISI YAPILDI.<\/b><\/p>\n<\/div><div class=\"fusion-text fusion-text-2\"><p>12.07.2021 tarihinde ger\u00e7ekle\u015fen toplant\u0131y\u0131 Etkinlik D\u00fczenleme Kurulu ve Y\u00fcr\u00fctme Kurulu Ba\u015fkan\u0131 Prof. Dr. \u00d6zcan KALENDERL\u0130 y\u00f6netti. Elektrik M\u00fchendisleri Odas\u0131 Genel Merkez Y\u00f6netim Kurulu Ba\u015fkan\u0131 B\u00fclent PALA, Elektrik M\u00fchendisleri Odas\u0131 \u0130stanbul \u015eubesi Y\u00f6netim Kurulu Ba\u015fkan\u0131 Cemil KOCATEPE, \u0130stanbul Tabip Odas\u0131 Y\u00f6netim Kurulu ad\u0131na temsilcisi Dr. Mustafa S\u00dcLK\u00dc, \u0130stanbul Barosu Y\u00f6netim Kurulu ad\u0131na Y\u00f6netim Kurulu \u00dcyesi Av. Sinan NA\u0130PO\u011eLU konu\u015fma yapt\u0131lar. \u00dc\u00e7 meslek odas\u0131 y\u00f6neticileri daha \u00f6nce ortak d\u00fczenlenen ve ba\u015far\u0131 sonu\u00e7lanan etkinliklerde oldu\u011fu gibi, 12-13 Kas\u0131m 2021 tarihlerinde \u00e7evrim i\u00e7i ger\u00e7ekle\u015ftirilecek EMANET 2021 Etkinli\u011finde de bir arada olmay\u0131 \u00f6nemsediklerini, \u00e7evre ve halk sa\u011fl\u0131\u011f\u0131 kapsam\u0131nda elektromanyetik alanlar\u0131n etkilerinin teknik, sa\u011fl\u0131k ve hukuki boyutlar\u0131 kapsam\u0131nda bilimsel ve g\u00fcncel bilgilerin payla\u015f\u0131lacak olmas\u0131ndan duyduklar\u0131 memnuniyeti, ge\u00e7mi\u015f de oldu\u011fu gibi bug\u00fcn de d\u00fczenleme kurulunda yer alan ve yeni kat\u0131lan kat\u0131l\u0131mc\u0131lara verecekleri emek ve \u00e7abalar i\u00e7in te\u015fekk\u00fcr ettiler ve ba\u015far\u0131l\u0131 bir etkinlik olmas\u0131n\u0131 dilediler. Toplant\u0131 g\u00fcndemler dahilinde de\u011ferli kat\u0131l\u0131mc\u0131lar\u0131n de\u011ferlendirmeleri, g\u00f6r\u00fc\u015fleri ve \u00f6nerileri ile tamamland\u0131. Bir sonraki D\u00fczenleme Kurulu 2. Toplant\u0131s\u0131 10 Eyl\u00fcl 2021 de yap\u0131lmas\u0131 kararla\u015ft\u0131r\u0131ld\u0131. Kat\u0131l\u0131mc\u0131lara ba\u015far\u0131lar diliyor ve te\u015fekk\u00fcr ediyoruz.<\/p>\n<\/div><\/div><style type=\"text\/css\">.fusion-body .fusion-builder-column-0{width:100% !important;margin-top : 10px;margin-bottom : 10px;}.fusion-builder-column-0 > .fusion-column-wrapper {padding-top : 0px !important;padding-right : 0px !important;margin-right : 1.92%;padding-bottom : 0px !important;padding-left : 0px !important;margin-left : 1.92%;}@media only screen and (max-width:1024px) {.fusion-body .fusion-builder-column-0{width:100% !important;order : 0;}.fusion-builder-column-0 > .fusion-column-wrapper {margin-right : 1.92%;margin-left : 1.92%;}}@media only screen and (max-width:640px) {.fusion-body .fusion-builder-column-0{width:100% !important;order : 0;}.fusion-builder-column-0 > .fusion-column-wrapper {margin-right : 1.92%;margin-left : 1.92%;}}<\/style><\/div><\/div><style type=\"text\/css\">.fusion-body .fusion-flex-container.fusion-builder-row-1{ padding-top : 0px;margin-top : 0px;padding-right : 0px;padding-bottom : 0px;margin-bottom : 0px;padding-left : 0px;}<\/style><\/div>\n","protected":false},"excerpt":{"rendered":"","protected":false},"author":3,"featured_media":2637,"comment_status":"open","ping_status":"open","sticky":false,"template":"","format":"standard","meta":{"footnotes":""},"categories":[3],"tags":[],"class_list":["post-2628","post","type-post","status-publish","format-standard","has-post-thumbnail","hentry","category-emanet-2021"],"_links":{"self":[{"href":"https:\/\/emoistanbul.org\/emanet2021\/wp-json\/wp\/v2\/posts\/2628","targetHints":{"allow":["GET"]}}],"collection":[{"href":"https:\/\/emoistanbul.org\/emanet2021\/wp-json\/wp\/v2\/posts"}],"about":[{"href":"https:\/\/emoistanbul.org\/emanet2021\/wp-json\/wp\/v2\/types\/post"}],"author":[{"embeddable":true,"href":"https:\/\/emoistanbul.org\/emanet2021\/wp-json\/wp\/v2\/users\/3"}],"replies":[{"embeddable":true,"href":"https:\/\/emoistanbul.org\/emanet2021\/wp-json\/wp\/v2\/comments?post=2628"}],"version-history":[{"count":4,"href":"https:\/\/emoistanbul.org\/emanet2021\/wp-json\/wp\/v2\/posts\/2628\/revisions"}],"predecessor-version":[{"id":2826,"href":"https:\/\/emoistanbul.org\/emanet2021\/wp-json\/wp\/v2\/posts\/2628\/revisions\/2826"}],"wp:featuredmedia":[{"embeddable":true,"href":"https:\/\/emoistanbul.org\/emanet2021\/wp-json\/wp\/v2\/media\/2637"}],"wp:attachment":[{"href":"https:\/\/emoistanbul.org\/emanet2021\/wp-json\/wp\/v2\/media?parent=2628"}],"wp:term":[{"taxonomy":"category","embeddable":true,"href":"https:\/\/emoistanbul.org\/emanet2021\/wp-json\/wp\/v2\/categories?post=2628"},{"taxonomy":"post_tag","embeddable":true,"href":"https:\/\/emoistanbul.org\/emanet2021\/wp-json\/wp\/v2\/tags?post=2628"}],"curies":[{"name":"wp","href":"https:\/\/api.w.org\/{rel}","templated":true}]}}