{"id":3157,"date":"2021-12-27T11:33:02","date_gmt":"2021-12-27T08:33:02","guid":{"rendered":"https:\/\/emoistanbul.org\/emanet2021\/?p=3157"},"modified":"2021-12-27T12:36:36","modified_gmt":"2021-12-27T09:36:36","slug":"emanet-2021-etkinlik-videolari","status":"publish","type":"post","link":"https:\/\/emoistanbul.org\/emanet2021\/emanet-2021-etkinlik-videolari\/","title":{"rendered":"EMANET 2021 Etkinlik Videolar\u0131"},"content":{"rendered":"<div class=\"fusion-fullwidth fullwidth-box fusion-builder-row-1 fusion-flex-container nonhundred-percent-fullwidth non-hundred-percent-height-scrolling\" style=\"background-color: rgba(255,255,255,0);background-position: center center;background-repeat: no-repeat;border-width: 0px 0px 0px 0px;border-color:#e7e4e2;border-style:solid;\" ><div class=\"fusion-builder-row fusion-row fusion-flex-align-items-flex-start\" style=\"max-width:1331.2px;margin-left: calc(-4% \/ 2 );margin-right: calc(-4% \/ 2 );\"><div class=\"fusion-layout-column fusion_builder_column fusion-builder-column-0 fusion_builder_column_1_1 1_1 fusion-flex-column\"><div class=\"fusion-column-wrapper fusion-flex-justify-content-flex-start fusion-content-layout-column\" style=\"background-position:left top;background-blend-mode: overlay;background-repeat:no-repeat;-webkit-background-size:cover;-moz-background-size:cover;-o-background-size:cover;background-size:cover;padding: 0px 0px 0px 0px;\"><div class=\"fusion-text fusion-text-1\"><p>12-13 Kas\u0131m 2021 tarihlerinde Elektrik M\u00fchendisleri Odas\u0131 \u0130stanbul \u015eubesi, \u0130stanbul Tabip Odas\u0131 ve \u0130stanbul Barosu\u2019nun d\u00fczenledi\u011fi \u201c\u00c7evre ve Halk Sa\u011fl\u0131\u011f\u0131 \u0130\u00e7in\u201d <strong>\u201cELEKTROMANYET\u0130K ALANLAR VE ETK\u0130LER\u0130 G\u00dcNLER\u0130 (EMANET 2021)\u201d<\/strong> etkinli\u011fi oturum videolar\u0131 eri\u015fime a\u00e7\u0131lm\u0131\u015ft\u0131r.<\/p>\n<p><a href=\"https:\/\/www.youtube.com\/watch?v=ZYUE5A9NQgo&amp;t=466s&amp;ab_channel=EMO%C4%B0stanbul%C5%9Eubesi\">A\u00e7\u0131l\u0131\u015f ve Konu\u015fmalar\u00a0<\/a><\/p>\n<p><iframe title=\"YouTube video player\" src=\"https:\/\/www.youtube.com\/embed\/ZYUE5A9NQgo\" width=\"560\" height=\"315\" frameborder=\"0\" allowfullscreen=\"allowfullscreen\"><\/iframe><\/p>\n<p><a href=\"https:\/\/www.youtube.com\/watch?v=ZYUE5A9NQgo&amp;t=477s&amp;ab_channel=EMO%C4%B0stanbul%C5%9Eubesi\">&#8221;Elektromanyetik alan kavram\u0131n\u0131n evreni alg\u0131lay\u0131\u015f\u0131m\u0131z \u00fczerindeki etkileri&#8221;<\/a><br \/>\nProf. Dr. Mithat \u0130DEMEN<\/p>\n<p><iframe title=\"YouTube video player\" src=\"https:\/\/www.youtube.com\/embed\/ZYUE5A9NQgo?start=3858\" width=\"560\" height=\"315\" frameborder=\"0\" allowfullscreen=\"allowfullscreen\"><\/iframe><\/p>\n<p><strong>1.OTURUM \u2013 ULUSLARARASI DAVETL\u0130 KONU\u015eMACI<\/strong><br \/>\n<a href=\"https:\/\/www.youtube.com\/watch?v=ZYUE5A9NQgo&amp;t=477s&amp;ab_channel=EMO%C4%B0stanbul%C5%9Eubesi\">&#8221; Elektromanyetik alanlara maruz kalan i\u015f\u00e7ilerin sa\u011fl\u0131k g\u00f6zetimi&#8221;<\/a><\/p>\n<p><iframe title=\"YouTube video player\" src=\"https:\/\/www.youtube.com\/embed\/ZYUE5A9NQgo\" width=\"560\" height=\"315\" frameborder=\"0\" allowfullscreen=\"allowfullscreen\"><\/iframe><\/p>\n<p>Kolayla\u015ft\u0131r\u0131c\u0131<br \/>\nDo\u00e7. Dr. Fulya \u00c7ALLIALP<br \/>\n(Marmara \u00dcniversitesi Elektrik Elektronik M\u00fch. B\u00f6l.)<br \/>\nUluslararas\u0131 Davetli Konu\u015fmac\u0131<br \/>\nDr. Alberto MODENESE<br \/>\n(\u0130TALYA &#8211; ICOH Uluslararas\u0131 \u0130\u015f Sa\u011fl\u0131\u011f\u0131 Kurulu, Radyasyon ve \u00c7al\u0131\u015fma Bilimsel Komitesi Sekreteri )<\/p>\n<p><strong>2.OTURUM<\/strong><br \/>\n<a href=\"https:\/\/www.youtube.com\/watch?v=ZYUE5A9NQgo&amp;t=12410s&amp;ab_channel=EMO%C4%B0stanbul%C5%9Eubesi\">&#8221;Halk sa\u011fl\u0131\u011f\u0131 ve \u00e7al\u0131\u015fan sa\u011fl\u0131\u011f\u0131 a\u00e7\u0131s\u0131ndan elektromanyetik alanlar\u2019\u2019<\/a><\/p>\n<p><iframe title=\"YouTube video player\" src=\"https:\/\/www.youtube.com\/embed\/ZYUE5A9NQgo\" width=\"560\" height=\"315\" frameborder=\"0\" allowfullscreen=\"allowfullscreen\"><\/iframe><\/p>\n<p>Oturum Ba\u015fkan\u0131<br \/>\nDr. \u00d6zkan Kaan KARADA\u011e<br \/>\n(\u0130BB \u0130\u015f Sa\u011fl\u0131\u011f\u0131 G\u00fcvenli\u011fi Md.)<br \/>\nKonu\u015fmac\u0131lar<br \/>\n&#8221;Elektromanyetik alanlar\u0131n insan sa\u011fl\u0131\u011f\u0131na etkileri&#8221;<br \/>\nProf. Dr. Nihal Arzu M\u0130R\u0130C\u0130<br \/>\n(\u00c7anakkale 18 Mart \u00dcniversitesi T\u0131p Fak. G\u00f6\u011f\u00fcs Hastal\u0131klar\u0131 AD.)<br \/>\n&#8221;\u0130\u015f\u00e7i sa\u011fl\u0131\u011f\u0131 a\u00e7\u0131s\u0131ndan elektromanyetik alanlar&#8221;<br \/>\nProf. Dr. Song\u00fcl ACAR VA\u0130ZO\u011eLU<br \/>\n(HASUDER- Halk Sa\u011fl\u0131\u011f\u0131 Uzmanlar\u0131 Derne\u011fi \/ Yak\u0131ndo\u011fu \u00dcniversitesi T\u0131p Fak. Halk Sa\u011fl\u0131\u011f\u0131 AD)<\/p>\n<p><strong>3.OTURUM<\/strong><br \/>\n<a href=\"https:\/\/www.youtube.com\/watch?v=ZYUE5A9NQgo&amp;t=17245s&amp;ab_channel=EMO%C4%B0stanbul%C5%9Eubesi\">\u2018\u2019Ge\u00e7mi\u015fden g\u00fcn\u00fcm\u00fcze elektromanyetik alan kaynaklar\u0131 ve etkileri kapsam\u0131nda geli\u015fmeler\u2019\u2019<\/a><\/p>\n<p><iframe title=\"YouTube video player\" src=\"https:\/\/www.youtube.com\/embed\/ZYUE5A9NQgo\" width=\"560\" height=\"315\" frameborder=\"0\" allowfullscreen=\"allowfullscreen\"><\/iframe><\/p>\n<p>Oturum Ba\u015fkan\u0131<br \/>\nDo\u00e7. Dr. Fulya \u00c7ALLIALP<br \/>\n(Marmara \u00dcniversitesi Elektrik Elektronik M\u00fch. B\u00f6l.)<br \/>\nKonu\u015fmac\u0131lar<br \/>\n&#8221;Elektromanyetik alan yay\u0131c\u0131 kaynaklar\u0131n \u00f6zellikleri ve tarihsel geli\u015fimleri&#8221;<br \/>\nProf. Dr. Funda AKLEMAN YAPAR<br \/>\n(\u0130stanbul Teknik \u00dcniversitesi Elektronik Haberle\u015fme M\u00fch. B\u00f6l.)<br \/>\n&#8221;Elektrikli ara\u00e7lar ve bina i\u00e7i trafo merkezlerinin elektromanyetik alan a\u00e7\u0131s\u0131ndan de\u011ferlendirilmesi&#8221;<br \/>\nProf. Dr. \u015e\u00fckr\u00fc \u00d6ZEN<br \/>\n(Akdeniz \u00dcnv.Elk. Elo. M\u00fch. B\u00f6l.)<br \/>\n&#8221;Elektromanyetik alan \u00f6l\u00e7\u00fcmleri, sonu\u00e7lar\u0131n\u0131n de\u011ferlendirilmesi ve mevzuat \u00e7al\u0131\u015fmalar\u0131&#8221;<br \/>\nSelim \u00c7AL<br \/>\n(\u0130SG\u00dcM &#8211; \u0130\u015f Sa\u011fl\u0131\u011f\u0131 ve G\u00fcvenli\u011fi Ara\u015ft\u0131rma ve Geli\u015ftirme Merkezi Enstit\u00fcs\u00fc Ba\u015fkanl\u0131\u011f\u0131 \u00c7al\u0131\u015fma Uzman\u0131)<\/p>\n<p><strong>4.OTURUM &#8211; FORUM<\/strong><br \/>\n<a href=\"https:\/\/www.youtube.com\/watch?v=ZYUE5A9NQgo&amp;t=24990s&amp;ab_channel=EMO%C4%B0stanbul%C5%9Eubesi\">\u2018\u2019Elektromanyetik alanlar\u0131n \u00e7evresel etkilerine kar\u015f\u0131 yap\u0131lan etkinlikler ve deneyimler\u2019\u2019<\/a><\/p>\n<p><iframe title=\"YouTube video player\" src=\"https:\/\/www.youtube.com\/embed\/ZYUE5A9NQgo\" width=\"560\" height=\"315\" frameborder=\"0\" allowfullscreen=\"allowfullscreen\"><\/iframe><\/p>\n<p>Oturum Ba\u015fkan\u0131<br \/>\nDr. Mustafa S\u00dcLK\u00dc<br \/>\n(\u0130stanbul Tabip Odas\u0131)<br \/>\nKonu\u015fmac\u0131lar<br \/>\n&#8221;Ata\u015fehir \u0130l\u00e7esinde elektromanyetik alanlarla ilgili kirlilik \u00f6l\u00e7\u00fcmleri&#8221;<br \/>\nTuran DOLU<br \/>\n(Ata\u015fehir Kent Konseyi B\u015fk.)<br \/>\n&#8221;Esenkent Y\u00fcksek Gerilim Hatt\u0131 &#8211; Yedikule Baz \u0130stasyonu dava s\u00fcre\u00e7leri&#8221;<br \/>\nAv. Hasan SEVER<br \/>\n(\u00c7evre Hukuku Derne\u011fi)<br \/>\n&#8221;Elektromanyetik Alanlar\u0131n Etkileri ve MEDYA&#8221;<br \/>\n\u00d6zg\u00fcr G\u00dcRB\u00dcZ<br \/>\n(Birg\u00fcn Gazetesi)<br \/>\n20.30 \u2013 21.30 (T\u00fcrkiye ve Amerika aras\u0131ndaki saat fark\u0131 nedeniyle)<\/p>\n<p><strong>5.OTURUM \u2013 ULUSLARARASI DAVETL\u0130 KONU\u015eMACI<\/strong><br \/>\n<a href=\"https:\/\/www.youtube.com\/watch?v=ZYUE5A9NQgo&amp;t=34410s&amp;ab_channel=EMO%C4%B0stanbul%C5%9Eubesi\">&#8221;5G Teknolojisi g\u00fcvenli mi? RF ba\u011flam\u0131nda; ABD mahkeme kararlar\u0131 ve uluslararas\u0131 politikalar\u0131n de\u011ferlendirilmesi&#8221;<\/a><\/p>\n<p><iframe title=\"YouTube video player\" src=\"https:\/\/www.youtube.com\/embed\/ZYUE5A9NQgo\" width=\"560\" height=\"315\" frameborder=\"0\" allowfullscreen=\"allowfullscreen\"><\/iframe><\/p>\n<p>Kolayla\u015ft\u0131r\u0131c\u0131<br \/>\nDo\u00e7. Dr. Fulya \u00c7ALLIALP<br \/>\nMarmara \u00dcniversitesi Elektrik Elektronik M\u00fch. B\u00f6l.<br \/>\nUluslararas\u0131 Davetli Konu\u015fmac\u0131<br \/>\nTheodora SCARATO (MSW)<br \/>\nABD &#8211; Environmental Health Trust (EHT)<\/p>\n<p><strong>6.OTURUM<\/strong><br \/>\n\u2018\u2019Ya\u015fam\u0131m\u0131zda elektromanyetik alan d\u00fczeyleri ve etkileri\u2019\u2019<\/p>\n<p><iframe title=\"YouTube video player\" src=\"https:\/\/www.youtube.com\/embed\/cSxjYLj0Q3k\" width=\"560\" height=\"315\" frameborder=\"0\" allowfullscreen=\"allowfullscreen\"><\/iframe><\/p>\n<p>Oturum Ba\u015fkan\u0131<br \/>\nDo\u00e7. Dr. Tayfun NES\u0130MO\u011eLU<br \/>\n(KTMMOB Elektrik M\u00fchendisleri Odas\u0131 &#8211; KKTC ODT\u00dc KKK Elk. Elo. M\u00fch. B\u00f6l. )<br \/>\nKonu\u015fmac\u0131lar<br \/>\n&#8221; G\u00fcnl\u00fck hayatta kullan\u0131lan \u0130yonla\u015ft\u0131r\u0131c\u0131 olmayan radyasyon kaynaklar\u0131 ve korumaya y\u00f6nelik \u00f6neriler&#8221;<br \/>\nProf. Dr. Haluk KORALAY<br \/>\n(G\u0130RKUM &#8211; Gazi \u00dcnv. \u0130yonla\u015ft\u0131r\u0131c\u0131 Olmayan Radyasyondan Kor. ve Ar\u015f. Merkezi)<br \/>\n&#8221;EM Kaynaklar\u0131 zaman ve g\u00fc\u00e7 spektrumlar\u0131 ve seviyeleri&#8221;<br \/>\nProf. Dr. Sel\u00e7uk PAKER<br \/>\n(\u0130stanbul Teknik \u00dcniversitesi Elektronik Haberle\u015fme M\u00fch. B\u00f6l.)<br \/>\n&#8221;\u0130stanbul Metropol\u00fcnde Elektromanyetik Kirlilik D\u00fczeyleri ve \u0130htiyat ilkesine g\u00f6re al\u0131nabilecek \u00f6nlemler.&#8221;<br \/>\nProf. Dr. Osman \u00c7EREZC\u0130<br \/>\n(\u00dcsk\u00fcdar \u00dcniversitesi Elektrik Elektronik M\u00fch. B\u00f6l.)<br \/>\n&#8221;TV \/ RD Vericilerinin elektromanyetik alan a\u00e7\u0131s\u0131ndan incelenmesi&#8221;<br \/>\nOrhan DURNA<br \/>\n(Elektronik ve Haberle\u015fme M\u00fchendisi)<\/p>\n<p><strong>7.OTURUM<\/strong><br \/>\n&#8221;Elektromanyetik alanlar ile ilgili hukuksal d\u00fczenlemeler ve geli\u015fmeler&#8221;<\/p>\n<p><iframe title=\"YouTube video player\" src=\"https:\/\/www.youtube.com\/embed\/cSxjYLj0Q3k\" width=\"560\" height=\"315\" frameborder=\"0\" allowfullscreen=\"allowfullscreen\"><\/iframe><\/p>\n<p>Oturum Ba\u015fkan\u0131<br \/>\nAv. Sinan NA\u0130PO\u011eLU<br \/>\n(\u0130stanbul Barosu Y\u00f6netim Kurulu \u00dcyesi)<\/p>\n<p>Konu\u015fmac\u0131lar<br \/>\n&#8221;Elektromanyetik Alanlar\u0131n Zararl\u0131 Etkilerine Maruz Kalan Kurum\/Ki\u015fi Olarak Nas\u0131l Bir Hukuksal Yol<br \/>\n\u0130zlemeliyiz?&#8221;<br \/>\nDr. \u00d6\u011fr. \u00dcyesi \u015e. Cankat TA\u015eKIN<br \/>\n\u0130stanbul Ayd\u0131n \u00dcnv. Hukuk Fak.<br \/>\nDr. Erol \u00d6ZG\u00dcNER<br \/>\n(\u0130BB Bilgi \u0130\u015flem Daire Ba\u015fkanl\u0131\u011f\u0131)<br \/>\n&#8220;Yerel Y\u00f6netimlerin Elektromanyetik Kirlilik Konusundaki Rol\u00fc&#8221;<br \/>\nMustafa BOZBEY<br \/>\n(1999-2019 D\u00f6nemi Nil\u00fcfer Belediyesi Ba\u015fkan\u0131 &#8211; \u0130n\u015faat Y\u00fcksek M\u00fchendisi)<\/p>\n<p><strong>8.OTURUM<\/strong><br \/>\n\u2018\u2019Yeni teknolojiler ve 5G sistemi\u2019\u2019<\/p>\n<p><iframe title=\"YouTube video player\" src=\"https:\/\/www.youtube.com\/embed\/cSxjYLj0Q3k\" width=\"560\" height=\"315\" frameborder=\"0\" allowfullscreen=\"allowfullscreen\"><\/iframe><\/p>\n<p>Oturum Ba\u015fkan\u0131<br \/>\nDr. \u00d6\u011fr. \u00dcyesi Tayfun ACARER<br \/>\n(\u0130stanbul Bilgi \u00dcniversitesi)<br \/>\nKonu\u015fmac\u0131lar<br \/>\n&#8216;Baz \u0130stasyonlar\u0131 \u0130\u00e7in Modern Elektromanyetik Kirlilik \u00d6l\u00e7\u00fcm Teknikleri&#8221;<br \/>\nBahad\u0131r TEKTA\u015e<br \/>\n(T\u00dcB\u0130TAK UME &#8211; Elektromanyetik Labratuvar\u0131)<br \/>\nBilgi ve \u0130leti\u015fim Teknolojilerinin \u0130nsan, Toplum ve \u00c7evreye Etkileri 5G ve \u00d6tesi: HER\u015eEY \u0130\u00c7\u0130N,HERKES<br \/>\n\u0130\u00c7\u0130N YEN\u0130 B\u0130R YA\u015eAM \u015eEKL\u0130&#8221;<br \/>\n\u00d6mer AYDIN<br \/>\nElektronik M\u00fchendisi &#8211; Dan\u0131\u015fman<\/p>\n<p><strong>9.OTURUM<\/strong><br \/>\n\u2018\u2019Yeni teknolojiler ve 5G sisteminin elektromanyetik etkileri\u2019\u2019<\/p>\n<p><iframe title=\"YouTube video player\" src=\"https:\/\/www.youtube.com\/embed\/cSxjYLj0Q3k\" width=\"560\" height=\"315\" frameborder=\"0\" allowfullscreen=\"allowfullscreen\"><\/iframe><\/p>\n<p>Oturum Ba\u015fkan\u0131<br \/>\nProf. Dr. M. Tunaya KALKAN<br \/>\n(\u0130stanbul Ayd\u0131n \u00dcniversitesi T\u0131p Fak. Biyofizik AD.)<br \/>\nKonu\u015fmac\u0131lar<br \/>\n&#8221;Yeni teknolojiler ve 5G sisteminin sa\u011fl\u0131k etkileri&#8221;<br \/>\nProf. Dr. Selim \u015eEKER<br \/>\n(\u00dcsk\u00fcdar \u00dcniversitesi Elektrik Elektronik M\u00fch. B\u00f6l. B\u015fk.)<br \/>\n&#8221; 5G Teknolojisi \u00e7a\u011f\u0131nda sa\u011fl\u0131k alan\u0131nda geli\u015fmeler&#8221;<br \/>\nAr\u015f. G\u00f6r. Duygu TARHAN<br \/>\n(\u0130stanbul \u00dcniversitesi Cerrahpa\u015fa T\u0131p Fak. Biyofizik AD.)<br \/>\n&#8221;T\u00fcrkiye&#8217;de kablosuz ileti\u015fimde mevcut durum, D\u00fcnyada ve T\u00fcrkiye&#8217;de 5G&#8217;nin durumu, D\u00fcnyada<br \/>\nelektromanyetik kirlilik ile ilgili \u00e7al\u0131\u015fmalar.&#8221;<br \/>\nG\u00f6khan SEZER (EMO)<\/p>\n<p><strong>10.OTURUM \u2013 ULUSLARARASI DAVETL\u0130 KONU\u015eMACI<\/strong><br \/>\n&#8221;Elektromanyetik alanlar\u0131n ya\u015fama (flora ve faunaya) etkileri&#8221;<\/p>\n<p><iframe title=\"YouTube video player\" src=\"https:\/\/www.youtube.com\/embed\/cSxjYLj0Q3k\" width=\"560\" height=\"315\" frameborder=\"0\" allowfullscreen=\"allowfullscreen\"><\/iframe><\/p>\n<p>Kolayla\u015ft\u0131r\u0131c\u0131<br \/>\nProf. Dr. Ayd\u0131n AKAN<br \/>\n(\u0130zmir Ekonomi \u00dcniversitesi)<br \/>\nUluslararas\u0131 Davetli Konu\u015fmac\u0131<br \/>\nHenry LAI (Ph. D. MPH)<br \/>\nABD &#8211; Washington \u00dcniversitesi<\/p>\n<\/div><\/div><style type=\"text\/css\">.fusion-body .fusion-builder-column-0{width:100% !important;margin-top : 0px;margin-bottom : 0px;}.fusion-builder-column-0 > .fusion-column-wrapper {padding-top : 0px !important;padding-right : 0px !important;margin-right : 1.92%;padding-bottom : 0px !important;padding-left : 0px !important;margin-left : 1.92%;}@media only screen and (max-width:1024px) {.fusion-body .fusion-builder-column-0{width:100% !important;}.fusion-builder-column-0 > .fusion-column-wrapper {margin-right : 1.92%;margin-left : 1.92%;}}@media only screen and (max-width:640px) {.fusion-body .fusion-builder-column-0{width:100% !important;}.fusion-builder-column-0 > .fusion-column-wrapper {margin-right : 1.92%;margin-left : 1.92%;}}<\/style><\/div><\/div><style type=\"text\/css\">.fusion-body .fusion-flex-container.fusion-builder-row-1{ padding-top : 0px;margin-top : 0px;padding-right : 0px;padding-bottom : 0px;margin-bottom : 0px;padding-left : 0px;}<\/style><\/div>\n","protected":false},"excerpt":{"rendered":"","protected":false},"author":4,"featured_media":2637,"comment_status":"open","ping_status":"open","sticky":false,"template":"","format":"standard","meta":{"footnotes":""},"categories":[3],"tags":[],"class_list":["post-3157","post","type-post","status-publish","format-standard","has-post-thumbnail","hentry","category-emanet-2021"],"_links":{"self":[{"href":"https:\/\/emoistanbul.org\/emanet2021\/wp-json\/wp\/v2\/posts\/3157","targetHints":{"allow":["GET"]}}],"collection":[{"href":"https:\/\/emoistanbul.org\/emanet2021\/wp-json\/wp\/v2\/posts"}],"about":[{"href":"https:\/\/emoistanbul.org\/emanet2021\/wp-json\/wp\/v2\/types\/post"}],"author":[{"embeddable":true,"href":"https:\/\/emoistanbul.org\/emanet2021\/wp-json\/wp\/v2\/users\/4"}],"replies":[{"embeddable":true,"href":"https:\/\/emoistanbul.org\/emanet2021\/wp-json\/wp\/v2\/comments?post=3157"}],"version-history":[{"count":4,"href":"https:\/\/emoistanbul.org\/emanet2021\/wp-json\/wp\/v2\/posts\/3157\/revisions"}],"predecessor-version":[{"id":3162,"href":"https:\/\/emoistanbul.org\/emanet2021\/wp-json\/wp\/v2\/posts\/3157\/revisions\/3162"}],"wp:featuredmedia":[{"embeddable":true,"href":"https:\/\/emoistanbul.org\/emanet2021\/wp-json\/wp\/v2\/media\/2637"}],"wp:attachment":[{"href":"https:\/\/emoistanbul.org\/emanet2021\/wp-json\/wp\/v2\/media?parent=3157"}],"wp:term":[{"taxonomy":"category","embeddable":true,"href":"https:\/\/emoistanbul.org\/emanet2021\/wp-json\/wp\/v2\/categories?post=3157"},{"taxonomy":"post_tag","embeddable":true,"href":"https:\/\/emoistanbul.org\/emanet2021\/wp-json\/wp\/v2\/tags?post=3157"}],"curies":[{"name":"wp","href":"https:\/\/api.w.org\/{rel}","templated":true}]}}