{"id":3170,"date":"2022-01-05T15:25:23","date_gmt":"2022-01-05T12:25:23","guid":{"rendered":"https:\/\/emoistanbul.org\/emanet2021\/?p=3170"},"modified":"2022-01-05T15:25:23","modified_gmt":"2022-01-05T12:25:23","slug":"emanet-2021-sonuc-bildirgesi","status":"publish","type":"post","link":"https:\/\/emoistanbul.org\/emanet2021\/emanet-2021-sonuc-bildirgesi\/","title":{"rendered":"EMANET 2021 SONU\u00c7 B\u0130LD\u0130RGES\u0130"},"content":{"rendered":"<p style=\"text-align: center;\"><strong>\u00c7EVRE VE HALK SA\u011eLI\u011eI \u0130\u00c7\u0130N EMANET 2021 ETK\u0130NL\u0130K G\u00dcNLER\u0130<br \/>\nSONU\u00c7 B\u0130LD\u0130RGES\u0130 <\/strong><\/p>\n<p>\u201c\u00c7evre ve Halk Sa\u011fl\u0131\u011f\u0131 EMANET 2021\u201d etkinli\u011fimizi 12-13 Kas\u0131m 2021 tarihleri aras\u0131nda; elektromanyetik alanlar\u0131n \u00e7evreye ve insan sa\u011fl\u0131\u011f\u0131na etkilerini incelemek, tedbirler almak, y\u00f6neticileri uyarmak ve konunun hukuksal boyutlar\u0131n\u0131 tart\u0131\u015fmak amac\u0131yla d\u00f6rd\u00fcnc\u00fc kez d\u00fczenledik.<\/p>\n<p>Uluslararas\u0131 kurulu\u015flardan, \u00fcniversitelerden, kamu kurumlar\u0131ndan, meslek odalar\u0131ndan, sivil toplum \u00f6rg\u00fctlerinden kat\u0131l\u0131mc\u0131lar\u0131n g\u00fcncel ve bilimsel g\u00f6r\u00fc\u015flerini payla\u015ft\u0131\u011f\u0131 ve tart\u0131\u015ft\u0131\u011f\u0131 bir platform olan EMANET 2021 Etkinli\u011fi Covid 19 pandemisi nedeniyle Elektrik M\u00fchendisleri Odas\u0131 (EMO), \u0130stanbul Tabip Odas\u0131 ve \u0130stanbul Barosu taraf\u0131ndan \u00e7evrimi\u00e7i yap\u0131ld\u0131.<\/p>\n<p>Etkinli\u011fimize; kamu kurumlar\u0131, \u00fcniversiteler, \u00f6zel kurulu\u015flar, meslek \u00f6rg\u00fctleri, sivil toplum kurulu\u015flar\u0131 ve belediyelerin yan\u0131 s\u0131ra yurtta\u015flar\u0131m\u0131zdan 6000`in \u00fczerinde ki\u015fi kat\u0131ld\u0131.<\/p>\n<p>Prof. Dr. Mithat \u0130DEMEN\u2019in <strong>&#8221;Elektromanyetik Alan Kavram\u0131n\u0131n Evreni Alg\u0131lay\u0131\u015f\u0131m\u0131z \u00dczerindeki Etkileri&#8221;<\/strong> ba\u015fl\u0131kl\u0131 konu\u015fmas\u0131yla ba\u015flayan etkinli\u011fimiz, 9 oturum\/panel ve bir adet forum ve 9 adet bildirinin yer ald\u0131\u011f\u0131 oturumlarla ger\u00e7ekle\u015ftirildi. Ulusal ve uluslararas\u0131 konu\u015fmac\u0131lar\u0131 yer ald\u0131\u011f\u0131 oturum\/panel, forum ve bildirilerde a\u015fa\u011f\u0131daki g\u00f6r\u00fc\u015fler vurgulanm\u0131\u015ft\u0131r:<\/p>\n<p>5G ve ve 6G teknolojilerinin 2030 y\u0131l\u0131na kadar ya\u015fam tarz\u0131m\u0131z\u0131n merkezine otu<\/p>\n<p>raca\u011f\u0131n\u0131 d\u00fc\u015f\u00fcn\u00fcrsek elektrik enerjisi ile \u00e7al\u0131\u015fan cihazlar\u0131n ya\u015fam\u0131m\u0131z\u0131 kolayla\u015ft\u0131rd\u0131\u011f\u0131 kadar \u00e7evremizi daha fazla elektromanyetik alanlarla saraca\u011f\u0131n\u0131 unutmamak gerekir.<\/p>\n<p><span style=\"text-decoration: line-through;\">\u00a0<\/span><\/p>\n<p><strong>Elektromanyetik alan kaynaklar\u0131n\u0131n kurulumu ve kullan\u0131m\u0131 \u015feffaf ve \u201c\u0130htiyatl\u0131l\u0131k \u0130lkesi\u201d temelinde y\u00fcr\u00fct\u00fclmelidir.<\/strong><\/p>\n<ul>\n<li>Elektromanyetik alanlar\u0131n \u00e7evre ve insan sa\u011fl\u0131\u011f\u0131na olan etkileri, hi\u00e7bir \u015fekilde politik-ticari kayg\u0131lar\u0131n malzemesi olamaz. Halk\u0131n sa\u011fl\u0131kl\u0131 bir \u00e7evrede ya\u015fama hakk\u0131 sa\u011flanmal\u0131d\u0131r.<\/li>\n<li>Anayasam\u0131z\u0131n 56. Maddesi \u201cherkesin sa\u011fl\u0131kl\u0131 ve dengeli bir \u00e7evrede ya\u015fama hakk\u0131n\u0131\u201d g\u00fcvenceye alm\u0131\u015ft\u0131r. 1992 y\u0131l\u0131nda Rio da yap\u0131lan Birle\u015fmi\u015f Milletler \u00c7evre ve Kalk\u0131nma Konferans\u0131\u2019nda kabul edilen \u0130htiyatl\u0131l\u0131k \u0130lkesi \u00e7er\u00e7evesinde en d\u00fc\u015f\u00fck alan de\u011ferlerinin y\u00f6netmeliklerde yer almas\u0131 sa\u011flanmal\u0131d\u0131r.<\/li>\n<li>Vatanda\u015flar ya\u015fad\u0131\u011f\u0131 \u015fehir ve mahalle ile ilgili elektromanyetik alan kaynaklar\u0131n\u0131n say\u0131s\u0131, kirlilik ve risklerle ilgili bilgi bilgilere kolayl\u0131kla ula\u015fabilmelidir<\/li>\n<li>Baz istasyonlar\u0131 \u201cg\u00f6r\u00fcnt\u00fc kirli\u011fi\u201d gibi bir gerek\u00e7enin ard\u0131na s\u0131\u011f\u0131nmadan (baca, reklam tabelas\u0131, su deposu, vb.) gizlenmemeli ve riskleri a\u00e7\u0131k ve okunakl\u0131 bir \u015fekilde belirtilmelidir.<\/li>\n<li>\u00c7al\u0131\u015fma ve ya\u015fam alanlar\u0131m\u0131zda elektromanyetik kirlilik \u00f6l\u00e7\u00fcmleri ba\u011f\u0131ms\u0131z kurulu\u015flarca da(meslek odalar\u0131, \u00fcniversiteler, belediyeler vd. kamu kurumlar\u0131nca) yap\u0131lmal\u0131d\u0131r.<\/li>\n<\/ul>\n<p>&nbsp;<\/p>\n<p><strong>Y\u00fcksek gerilim hatlar\u0131, trafolar ve baz istasyonlar\u0131 ya\u015fam alanlar\u0131m\u0131z\u0131 tehdit etmektedir.<\/strong><\/p>\n<ul>\n<li>Y\u00fcksek gerilim hatlar\u0131na yak\u0131n mesafede ya\u015fam alan\u0131, i\u015fyeri, okul, hastane vb. yap\u0131lar kurulmamal\u0131d\u0131r. Bu hatlar g\u00fcvenli bi\u00e7imde yeralt\u0131na al\u0131nmal\u0131 ve g\u00fcvenlik koridorlar\u0131 olu\u015fturularak, yap\u0131la\u015fmaya izin verilmemelidir.<\/li>\n<li>Toplu ya\u015fam alanlar\u0131nda (bina, apartman v.b.) y\u00fcksek gerilim tesisi ve transformat\u00f6r merkezi uygulamalar\u0131na son verilmeli; zorunlu durumlarda da uygun teknik \u00f6nlemler al\u0131nmal\u0131d\u0131r.<\/li>\n<\/ul>\n<p>&nbsp;<\/p>\n<p><strong>Elektromanyetik G\u00fcvenlik Komisyonu kurulmal\u0131d\u0131r.<\/strong><\/p>\n<ul>\n<li>Elektromanyetik kirlilik konusunda ulusal ve uluslararas\u0131 bilimsel \u00e7al\u0131\u015fmalar\u0131 izlemeli; Sa\u011fl\u0131k, \u00c7evre, \u00c7al\u0131\u015fma, Enerji v.b. ili\u015fkili Bakanl\u0131klar, \u00dcniversiteler, meslek kurulu\u015flar\u0131 ile i\u015fbirli\u011fi i\u00e7inde kurulacak bir komisyon taraf\u0131ndan ulusal elektromanyetik kirlilik politikas\u0131 belirlenmelidir.<\/li>\n<li>Elektromanyetik alanlar\u0131n insan ve \u00e7evre sa\u011fl\u0131\u011f\u0131na etkilerine y\u00f6nelik ara\u015ft\u0131rmalar\u0131n ba\u011f\u0131ms\u0131z kurulu\u015flar taraf\u0131ndan yap\u0131lmal\u0131 ve denetlenmelidir.<\/li>\n<\/ul>\n<p><strong>Yerel y\u00f6netimler denetim s\u00fcrecine dahil edilmelidir.<\/strong><\/p>\n<ul>\n<li>Yerle\u015fim yerlerinin elektromanyetik alan kirlilik haritalar\u0131 belediyeler taraf\u0131ndan \u00e7\u0131kar\u0131lmal\u0131 ve belirli aral\u0131klarla g\u00fcncellenmelidir. Kurulacak tesislerin yer se\u00e7imi kararlar\u0131na Belediyeler ve yurtta\u015flar da kat\u0131labilmelidir.<\/li>\n<\/ul>\n<p><strong>Cep telefonlar\u0131nda s\u0131n\u0131rlamalar<\/strong><\/p>\n<ul>\n<li>Cep telefonlar\u0131n\u0131n g\u00fcvenli kullan\u0131m\u0131 konusunda vatanda\u015flar\u0131 bilgilendirici yay\u0131nlar ve duyurular yap\u0131lmal\u0131d\u0131r.<\/li>\n<li>Cep telefonlar\u0131n\u0131n kullan\u0131m\u0131 s\u0131ras\u0131nda beyinden uzakta tutulmas\u0131, kulakl\u0131k tak\u0131lmas\u0131, kullan\u0131lmad\u0131\u011f\u0131 zamanlarda da uzakta bulundurulmas\u0131 gerekmektedir.<\/li>\n<\/ul>\n<p><strong>\u00a0<\/strong><\/p>\n<p><strong>EMA\u2019lar\u0131n Sa\u011fl\u0131k \u00dczerine Etkileri \/ Mesleki Maruziyet ve Sa\u011fl\u0131k G\u00f6zetimi <\/strong><\/p>\n<p><strong>\u00a0<\/strong><\/p>\n<p>Elektromanyetik alanlar\u0131n g\u00f6zlerde katarakt, kornea hasar\u0131 ve retina lezyonlar\u0131na yol a\u00e7abildi\u011fi gibi, kalp pillerini etkiledi\u011fi, k\u0131zarma, \u00fcrperme hissi, yanma hissi gibi non-spesifik dermatolojik semptomlar; ba\u015f a\u011fr\u0131s\u0131, yorgunluk, konsantrasyon g\u00fc\u00e7l\u00fc\u011f\u00fc, \u00e7arp\u0131nt\u0131, ba\u015f d\u00f6nmesi, uyku bozuklu\u011fu, olu\u015fturdu\u011fu; depresyon ve d\u00fc\u015f\u00fcklere neden oldu\u011fu bilinmektedir.<\/p>\n<p>&nbsp;<\/p>\n<ul>\n<li>Uluslararas\u0131 Kanser Ara\u015ft\u0131rma Merkezi (IARC) \u00e7ok \u00e7ok d\u00fc\u015f\u00fck frekansl\u0131 alanlar\u0131 (\u015fehir \u015febekeleri, elektrikli cihazlar vb.); kanserojen yapan 2B\u2019de grubunda s\u0131n\u0131fland\u0131rd\u0131\u011f\u0131 d\u00fc\u015f\u00fcn\u00fcl\u00fcnce, bu frekanslardaki tedbirler de \u0130htiyatl\u0131l\u0131k \u0130lkesi ile ele al\u0131nmal\u0131d\u0131r.<\/li>\n<li>Elektromanyetik alanlar\u0131n zararl\u0131 etkileri g\u00f6z \u00f6n\u00fcnde bulundurularak bir\u00e7ok \u00fclkede oldu\u011fu gibi \u00fclkemizde de \u00c7evre Hekimli\u011fi kurumsalla\u015ft\u0131r\u0131lmal\u0131d\u0131r.<\/li>\n<li>Uydu ileti\u015fim, radar, hava ve trafik kontrol, meteoroloji, RD-TV vericisi, telekom\u00fcnikasyon, y\u00f6n bulma sekt\u00f6r\u00fc, mikrodalga f\u0131r\u0131n, diatermi cihazlar\u0131, y\u00fcksek kilovoltajl\u0131 enerji kaynaklar\u0131, ah\u015fap kurutma, di-elektrik \u0131s\u0131tma i\u015fleminin kullan\u0131ld\u0131\u011f\u0131 makineler, sterilizasyon, astronomi alan\u0131, ind\u00fcksiyon \u0131s\u0131t\u0131c\u0131, \u00e7elik ve al\u00fcminyum end\u00fcstrisi, elektrikli el aleti imalat\u00e7\u0131lar\u0131, bilgisayar ba\u015f\u0131nda, ameliyathane, yo\u011fun bak\u0131m \u00fcniteleri, fizik tedavi merkezleri, g\u00f6r\u00fcnt\u00fcleme \u00fcnitelerinde \u00e7al\u0131\u015fanlar da maruziyet y\u00f6n\u00fcnden de\u011ferlendirilmelidir.<\/li>\n<li>Elektromanyetik alan ortam\u0131nda periyodik sa\u011fl\u0131k kontrolleri ve ortam \u00f6l\u00e7\u00fcmleri i\u015fyeri hekimleri ve \u0130\u015f\u00e7i Sa\u011fl\u0131\u011f\u0131 ve G\u00fcvenli\u011fi Uzmanlar\u0131 (\u0130SG) taraf\u0131ndan yap\u0131lmal\u0131 ve gerekli \u00f6nlemler al\u0131nmal\u0131d\u0131r. \u0130\u015fyeri hekimleri, i\u015fe giri\u015f ve periyodik muayeneler s\u0131ras\u0131nda EMA maruziyet \u00f6yk\u00fcs\u00fc almal\u0131d\u0131r.<\/li>\n<\/ul>\n<p>&nbsp;<\/p>\n<p><strong>Halk sa\u011fl\u0131\u011f\u0131n\u0131n korunmas\u0131nda hukuk yollar\u0131 geni\u015fletilmelidir.<\/strong><\/p>\n<ul>\n<li>\u00c7evre ve insan sa\u011fl\u0131\u011f\u0131n\u0131n korunmas\u0131nda ulusal mevzuatla s\u0131n\u0131rl\u0131 kal\u0131nmay\u0131p, evrensel hukuk kurallar\u0131 dikkate al\u0131nmal\u0131 ve riskli hukuksal d\u00fczenlemeler toplum yarar\u0131n\u0131 g\u00f6zetir hale getirilmelidir.<\/li>\n<li>BTK hem denetleyici hem d\u00fczenleyici kurul oldu\u011fu i\u00e7in mahkemelerde bilirki\u015fi rol\u00fc \u00fcstlenmemelidir.<\/li>\n<li>\u201cElektronik Haberle\u015fme Cihazlar\u0131 G\u00fcvenlik Sertifikas\u0131 Y\u00f6netmeli\u011fi\u201d indeki eksiklikler BTK, T\u00dcB\u0130TAK UME, EMO ve ilgili kurumlar\u0131n ortak \u00e7al\u0131\u015fmas\u0131yla giderilmelidir.<\/li>\n<li>Elektrik \u0130\u00e7 Tesisleri Y\u00f6netmeli\u011fi elektromanyetik alan etkilerini de kapsayacak \u015fekilde d\u00fczenlenmeli, elektrik tesisat projelerinde elektromanyetik kirlilik hesaplar\u0131na yer verilmeli ve yap\u0131 denetim kontrol\u00fc elektromanyetik alanlar\u0131 da i\u00e7erecek \u015fekilde yap\u0131lmal\u0131d\u0131r.<\/li>\n<\/ul>\n<p>&nbsp;<\/p>\n<p>Etkinli\u011fi d\u00fczenleyen \u00fc\u00e7 meslek \u00f6rg\u00fct\u00fc olarak; toplumsal sorumluluk ve rollerimiz gere\u011fi, bu alandaki \u00e7al\u0131\u015fmalar\u0131 s\u00fcrd\u00fcrece\u011fimizi ve konu ile ilgili her t\u00fcrl\u00fc \u00e7al\u0131\u015fmay\u0131 destekleyip, bu \u00e7al\u0131\u015fmalar i\u00e7erisinde daha \u00e7ok yer alaca\u011f\u0131m\u0131z\u0131 belirtir; birlikte \u00e7al\u0131\u015fma ve birlikte \u00fcretme ilkesiyle ba\u015flatt\u0131\u011f\u0131m\u0131z bu beraberli\u011fe devam edece\u011fimizi kamuoyuna ilan ederiz.<\/p>\n<p style=\"text-align: right;\"><strong>\u0130STANBUL TAB\u0130P ODASI<br \/>\n<\/strong><strong>EMO \u0130STANBUL \u015eUBES\u0130<br \/>\n\u0130STANBUL BAROSU<\/strong><\/p>\n<p><strong>\u00a0<\/strong><\/p>\n<p>&nbsp;<\/p>\n<h4><\/h4>\n<p>&nbsp;<\/p>\n","protected":false},"excerpt":{"rendered":"<p>\u00c7EVRE VE HALK SA\u011eLI\u011eI \u0130\u00c7\u0130N EMANET 2021 ETK\u0130NL\u0130K G\u00dcNLER\u0130 SONU\u00c7 B\u0130LD\u0130RGES\u0130 \u201c\u00c7evre ve Halk Sa\u011fl\u0131\u011f\u0131 EMANET 2021\u201d etkinli\u011fimizi 12-13 Kas\u0131m 2021 tarihleri aras\u0131nda; elektromanyetik alanlar\u0131n \u00e7evreye ve insan sa\u011fl\u0131\u011f\u0131na etkilerini incelemek, tedbirler almak, y\u00f6neticileri uyarmak ve konunun hukuksal boyutlar\u0131n\u0131 tart\u0131\u015fmak amac\u0131yla d\u00f6rd\u00fcnc\u00fc kez d\u00fczenledik. Uluslararas\u0131 kurulu\u015flardan, \u00fcniversitelerden, kamu kurumlar\u0131ndan, meslek odalar\u0131ndan, sivil toplum \u00f6rg\u00fctlerinden kat\u0131l\u0131mc\u0131lar\u0131n g\u00fcncel ve bilimsel g\u00f6r\u00fc\u015flerini payla\u015ft\u0131\u011f\u0131 ve tart\u0131\u015ft\u0131\u011f\u0131 bir platform olan EMANET 2021 Etkinli\u011fi Covid 19 pandemisi nedeniyle Elektrik M\u00fchendisleri Odas\u0131 (EMO), \u0130stanbul Tabip Odas\u0131 ve \u0130stanbul Barosu taraf\u0131ndan \u00e7evrimi\u00e7i yap\u0131ld\u0131. Etkinli\u011fimize; kamu kurumlar\u0131, \u00fcniversiteler, \u00f6zel kurulu\u015flar, meslek \u00f6rg\u00fctleri, sivil toplum kurulu\u015flar\u0131 ve belediyelerin yan\u0131 s\u0131ra yurtta\u015flar\u0131m\u0131zdan [&hellip;]<\/p>\n","protected":false},"author":4,"featured_media":0,"comment_status":"open","ping_status":"open","sticky":false,"template":"","format":"standard","meta":{"footnotes":""},"categories":[3],"tags":[],"class_list":["post-3170","post","type-post","status-publish","format-standard","hentry","category-emanet-2021"],"_links":{"self":[{"href":"https:\/\/emoistanbul.org\/emanet2021\/wp-json\/wp\/v2\/posts\/3170","targetHints":{"allow":["GET"]}}],"collection":[{"href":"https:\/\/emoistanbul.org\/emanet2021\/wp-json\/wp\/v2\/posts"}],"about":[{"href":"https:\/\/emoistanbul.org\/emanet2021\/wp-json\/wp\/v2\/types\/post"}],"author":[{"embeddable":true,"href":"https:\/\/emoistanbul.org\/emanet2021\/wp-json\/wp\/v2\/users\/4"}],"replies":[{"embeddable":true,"href":"https:\/\/emoistanbul.org\/emanet2021\/wp-json\/wp\/v2\/comments?post=3170"}],"version-history":[{"count":1,"href":"https:\/\/emoistanbul.org\/emanet2021\/wp-json\/wp\/v2\/posts\/3170\/revisions"}],"predecessor-version":[{"id":3171,"href":"https:\/\/emoistanbul.org\/emanet2021\/wp-json\/wp\/v2\/posts\/3170\/revisions\/3171"}],"wp:attachment":[{"href":"https:\/\/emoistanbul.org\/emanet2021\/wp-json\/wp\/v2\/media?parent=3170"}],"wp:term":[{"taxonomy":"category","embeddable":true,"href":"https:\/\/emoistanbul.org\/emanet2021\/wp-json\/wp\/v2\/categories?post=3170"},{"taxonomy":"post_tag","embeddable":true,"href":"https:\/\/emoistanbul.org\/emanet2021\/wp-json\/wp\/v2\/tags?post=3170"}],"curies":[{"name":"wp","href":"https:\/\/api.w.org\/{rel}","templated":true}]}}